{"id":4979,"date":"2026-09-02T15:00:04","date_gmt":"2026-09-02T21:00:04","guid":{"rendered":"https:\/\/cegss.org.gt\/?p=4979"},"modified":"2026-09-02T15:00:07","modified_gmt":"2026-09-02T21:00:07","slug":"redc-salud-y-cegss-fortalecen-nuevos-liderazgos-para-la-defensa-del-derecho-a-la-salud","status":"publish","type":"post","link":"https:\/\/cegss.org.gt\/en\/2026\/09\/02\/redc-salud-y-cegss-fortalecen-nuevos-liderazgos-para-la-defensa-del-derecho-a-la-salud\/","title":{"rendered":"REDC-SALUD and CEGSS Empower New Leaders to Defend the Right to Health"},"content":{"rendered":"<p class=\"wp-block-paragraph\">El 31 de agosto de 2026, en San Pablo La Laguna, Solol\u00e1, la REDC-SALUD y CEGSS realizaron el cierre de la primera fase de la Tercera Cohorte de la Escuela Ciudadana por el Derecho a la Salud, con la participaci\u00f3n de defensoras y defensores comunitarios, estudiantes de la tercera cohorte y equipo t\u00e9cnico.<\/p>\n\n\n\n<p class=\"wp-block-paragraph\">Durante la jornada se reforzaron conocimientos sobre el derecho a la salud, participaci\u00f3n ciudadana, vigilancia e incidencia pol\u00edtica, promoviendo el compromiso de las y los participantes con la defensa de los derechos en sus comunidades.<\/p>\n\n\n\n<p class=\"wp-block-paragraph\">Como parte del cierre, se realizaron actividades pr\u00e1cticas que permitieron aplicar los conocimientos adquiridos sobre el marco legal, la organizaci\u00f3n del sistema de salud y el papel de la ciudadan\u00eda en la defensa de sus derechos.<\/p>\n\n\n\n<p class=\"wp-block-paragraph\">Con este cierre se abre paso a una nueva etapa del proceso: continuar fortaleciendo capacidades y participar en la fase pr\u00e1ctica de la Escuela Ciudadana, donde las y los estudiantes pondr\u00e1n en acci\u00f3n lo aprendido mediante ejercicios de vigilancia e incidencia.<\/p>\n\n\n\n<p class=\"wp-block-paragraph\">#DerechoALaSalud #REDCsalud #CEGSS #EscuelaCiudadana #VigilanciaCiudadana #Participaci\u00f3nCiudadana #Incidencia #SaludConDerechos #Solol\u00e1 #SanPabloLaLaguna @seguidores @fans destacados<\/p>","protected":false},"excerpt":{"rendered":"<p>El 31 de agosto de 2026, en San Pablo La Laguna, Solol\u00e1, la REDC-SALUD y CEGSS realizaron el cierre de la primera fase de la Tercera Cohorte de la Escuela Ciudadana por el Derecho a la Salud, con la participaci\u00f3n de defensoras y defensores comunitarios, estudiantes de la tercera cohorte y equipo t\u00e9cnico. Durante la jornada se reforzaron conocimientos sobre el derecho a la salud, participaci\u00f3n ciudadana, vigilancia e incidencia pol\u00edtica, promoviendo el compromiso de las y los participantes con la defensa de los derechos en sus comunidades. Como parte del cierre, se realizaron actividades pr\u00e1cticas que permitieron aplicar los conocimientos adquiridos sobre el marco legal, la organizaci\u00f3n del sistema de salud y el papel de la ciudadan\u00eda en la defensa de sus derechos. Con este cierre se abre paso a una nueva etapa del proceso: continuar fortaleciendo capacidades y participar en la fase pr\u00e1ctica de la Escuela Ciudadana, donde las y los estudiantes pondr\u00e1n en acci\u00f3n lo aprendido mediante ejercicios de vigilancia e incidencia. #DerechoALaSalud #REDCsalud #CEGSS #EscuelaCiudadana #VigilanciaCiudadana #Participaci\u00f3nCiudadana #Incidencia #SaludConDerechos #Solol\u00e1 #SanPabloLaLaguna @seguidores @fans destacados<\/p>","protected":false},"author":1,"featured_media":4980,"comment_status":"closed","ping_status":"closed","sticky":false,"template":"","format":"standard","meta":{"footnotes":""},"categories":[20],"tags":[],"class_list":["post-4979","post","type-post","status-publish","format-standard","has-post-thumbnail","hentry","category-actualidad-cegss"],"acf":[],"_links":{"self":[{"href":"https:\/\/cegss.org.gt\/en\/wp-json\/wp\/v2\/posts\/4979","targetHints":{"allow":["GET"]}}],"collection":[{"href":"https:\/\/cegss.org.gt\/en\/wp-json\/wp\/v2\/posts"}],"about":[{"href":"https:\/\/cegss.org.gt\/en\/wp-json\/wp\/v2\/types\/post"}],"author":[{"embeddable":true,"href":"https:\/\/cegss.org.gt\/en\/wp-json\/wp\/v2\/users\/1"}],"replies":[{"embeddable":true,"href":"https:\/\/cegss.org.gt\/en\/wp-json\/wp\/v2\/comments?post=4979"}],"version-history":[{"count":1,"href":"https:\/\/cegss.org.gt\/en\/wp-json\/wp\/v2\/posts\/4979\/revisions"}],"predecessor-version":[{"id":4981,"href":"https:\/\/cegss.org.gt\/en\/wp-json\/wp\/v2\/posts\/4979\/revisions\/4981"}],"wp:featuredmedia":[{"embeddable":true,"href":"https:\/\/cegss.org.gt\/en\/wp-json\/wp\/v2\/media\/4980"}],"wp:attachment":[{"href":"https:\/\/cegss.org.gt\/en\/wp-json\/wp\/v2\/media?parent=4979"}],"wp:term":[{"taxonomy":"category","embeddable":true,"href":"https:\/\/cegss.org.gt\/en\/wp-json\/wp\/v2\/categories?post=4979"},{"taxonomy":"post_tag","embeddable":true,"href":"https:\/\/cegss.org.gt\/en\/wp-json\/wp\/v2\/tags?post=4979"}],"curies":[{"name":"wp","href":"https:\/\/api.w.org\/{rel}","templated":true}]}}