{"id":3050,"date":"2024-07-06T04:22:00","date_gmt":"2024-07-06T04:22:00","guid":{"rendered":"https:\/\/cegss.org.gt\/?p=3050"},"modified":"2026-04-17T07:25:39","modified_gmt":"2026-04-17T07:25:39","slug":"inauguracion-de-la-escuela-ciudadana-en-coban","status":"publish","type":"post","link":"https:\/\/cegss.org.gt\/en\/2024\/07\/06\/inauguracion-de-la-escuela-ciudadana-en-coban\/","title":{"rendered":"Inauguraci\u00f3n de la Escuela Ciudadana en Cob\u00e1n"},"content":{"rendered":"<div data-elementor-type=\"wp-post\" data-elementor-id=\"3050\" class=\"elementor elementor-3050\">\n\t\t\t\t<div class=\"elementor-element elementor-element-9bcbdc8 e-flex e-con-boxed wpr-particle-no wpr-jarallax-no wpr-parallax-no wpr-sticky-section-no wpr-equal-height-no e-con e-parent\" data-id=\"9bcbdc8\" data-element_type=\"container\" data-e-type=\"container\">\n\t\t\t\t\t<div class=\"e-con-inner\">\n\t\t\t\t<div class=\"elementor-element elementor-element-0dd00f7 elementor-widget__width-initial elementor-widget elementor-widget-text-editor\" data-id=\"0dd00f7\" data-element_type=\"widget\" data-e-type=\"widget\" data-widget_type=\"text-editor.default\">\n\t\t\t\t\t\t\t\t\t<p>El municipio de Cob\u00e1n fue testigo de un significativo encuentro donde defensores de derechos humanos compartieron sus experiencias con nuevos participantes en la inauguraci\u00f3n de la segunda cohorte de la Escuela Ciudadana por el Derecho a la Salud.<\/p><p>Durante el evento, se present\u00f3 la metodolog\u00eda que se desarrollar\u00e1 a lo largo del proceso, permitiendo a los participantes familiarizarse con el trabajo y los temas fundamentales que se abordar\u00e1n durante la formaci\u00f3n: Derechos Humanos, Derecho a la Salud, Participaci\u00f3n Ciudadana, Vigilancia en Salud y Procesos de Incidencia. Estos contenidos ser\u00e1n impartidos a trav\u00e9s de un enfoque h\u00edbrido, combinando diversas estrategias de trabajo para maximizar el impacto y la participaci\u00f3n de los asistentes.<\/p><p>Un aspecto central de las actividades desarrolladas es el empoderamiento legal de los liderazgos comunitarios, espec\u00edficamente en el marco del Derecho a la Salud. Este esfuerzo busca fortalecer la capacidad de j\u00f3venes, comadronas y l\u00edderes comunitarios para defender y promover los derechos en sus comunidades.<\/p><p>El equipo de CEGSS, junto con los defensores de la REDC-SALUD, continuar\u00e1 trabajando estrechamente con los participantes para asegurar el \u00e9xito del programa y el fortalecimiento del tejido social en Alta Verapaz.<\/p>\t\t\t\t\t\t\t\t<\/div>\n\t\t\t\t\t<\/div>\n\t\t\t\t<\/div>\n\t\t\t\t<\/div>","protected":false},"excerpt":{"rendered":"<p>El municipio de Cob\u00e1n fue testigo de un significativo encuentro donde defensores de derechos humanos compartieron sus experiencias con nuevos participantes en la inauguraci\u00f3n de la segunda cohorte de la Escuela Ciudadana por el Derecho a la Salud. Durante el evento, se present\u00f3 la metodolog\u00eda que se desarrollar\u00e1 a lo largo del proceso, permitiendo a los participantes familiarizarse con el trabajo y los temas fundamentales que se abordar\u00e1n durante la formaci\u00f3n: Derechos Humanos, Derecho a la Salud, Participaci\u00f3n Ciudadana, Vigilancia en Salud y Procesos de Incidencia. Estos contenidos ser\u00e1n impartidos a trav\u00e9s de un enfoque h\u00edbrido, combinando diversas estrategias de trabajo para maximizar el impacto y la participaci\u00f3n de los asistentes. Un aspecto central de las actividades desarrolladas es el empoderamiento legal de los liderazgos comunitarios, espec\u00edficamente en el marco del Derecho a la Salud. Este esfuerzo busca fortalecer la capacidad de j\u00f3venes, comadronas y l\u00edderes comunitarios para defender y promover los derechos en sus comunidades. El equipo de CEGSS, junto con los defensores de la REDC-SALUD, continuar\u00e1 trabajando estrechamente con los participantes para asegurar el \u00e9xito del programa y el fortalecimiento del tejido social en Alta Verapaz.<\/p>","protected":false},"author":1,"featured_media":3282,"comment_status":"closed","ping_status":"closed","sticky":false,"template":"","format":"standard","meta":{"footnotes":""},"categories":[20],"tags":[],"class_list":["post-3050","post","type-post","status-publish","format-standard","has-post-thumbnail","hentry","category-actualidad-cegss"],"acf":[],"_links":{"self":[{"href":"https:\/\/cegss.org.gt\/en\/wp-json\/wp\/v2\/posts\/3050","targetHints":{"allow":["GET"]}}],"collection":[{"href":"https:\/\/cegss.org.gt\/en\/wp-json\/wp\/v2\/posts"}],"about":[{"href":"https:\/\/cegss.org.gt\/en\/wp-json\/wp\/v2\/types\/post"}],"author":[{"embeddable":true,"href":"https:\/\/cegss.org.gt\/en\/wp-json\/wp\/v2\/users\/1"}],"replies":[{"embeddable":true,"href":"https:\/\/cegss.org.gt\/en\/wp-json\/wp\/v2\/comments?post=3050"}],"version-history":[{"count":10,"href":"https:\/\/cegss.org.gt\/en\/wp-json\/wp\/v2\/posts\/3050\/revisions"}],"predecessor-version":[{"id":3339,"href":"https:\/\/cegss.org.gt\/en\/wp-json\/wp\/v2\/posts\/3050\/revisions\/3339"}],"wp:featuredmedia":[{"embeddable":true,"href":"https:\/\/cegss.org.gt\/en\/wp-json\/wp\/v2\/media\/3282"}],"wp:attachment":[{"href":"https:\/\/cegss.org.gt\/en\/wp-json\/wp\/v2\/media?parent=3050"}],"wp:term":[{"taxonomy":"category","embeddable":true,"href":"https:\/\/cegss.org.gt\/en\/wp-json\/wp\/v2\/categories?post=3050"},{"taxonomy":"post_tag","embeddable":true,"href":"https:\/\/cegss.org.gt\/en\/wp-json\/wp\/v2\/tags?post=3050"}],"curies":[{"name":"wp","href":"https:\/\/api.w.org\/{rel}","templated":true}]}}