{"id":3034,"date":"2024-05-22T04:04:00","date_gmt":"2024-05-22T04:04:00","guid":{"rendered":"https:\/\/cegss.org.gt\/?p=3034"},"modified":"2026-04-29T02:30:22","modified_gmt":"2026-04-29T02:30:22","slug":"cierre-del-modulo-3-de-la-escuela-ciudadana-por-el-derecho-a-la-salud","status":"publish","type":"post","link":"https:\/\/cegss.org.gt\/en\/2024\/05\/22\/cierre-del-modulo-3-de-la-escuela-ciudadana-por-el-derecho-a-la-salud\/","title":{"rendered":"Closing of Module 3 of the Citizen School for the Right to Health"},"content":{"rendered":"<div data-elementor-type=\"wp-post\" data-elementor-id=\"3034\" class=\"elementor elementor-3034\">\n\t\t\t\t<div class=\"elementor-element elementor-element-bcaeb8e e-flex e-con-boxed wpr-particle-no wpr-jarallax-no wpr-parallax-no wpr-sticky-section-no wpr-equal-height-no e-con e-parent\" data-id=\"bcaeb8e\" data-element_type=\"container\" data-e-type=\"container\">\n\t\t\t\t\t<div class=\"e-con-inner\">\n\t\t\t\t<div class=\"elementor-element elementor-element-cdc6063 elementor-widget__width-initial elementor-widget elementor-widget-text-editor\" data-id=\"cdc6063\" data-element_type=\"widget\" data-e-type=\"widget\" data-widget_type=\"text-editor.default\">\n\t\t\t\t\t\t\t\t\t<p><img fetchpriority=\"high\" decoding=\"async\" class=\"aligncenter wp-image-3037 size-full\" src=\"https:\/\/cegss.org.gt\/wp-content\/uploads\/2026\/04\/2-scaled.jpeg\" alt=\"\" width=\"2560\" height=\"1920\" srcset=\"https:\/\/cegss.org.gt\/wp-content\/uploads\/2026\/04\/2-scaled.jpeg 2560w, https:\/\/cegss.org.gt\/wp-content\/uploads\/2026\/04\/2-300x225.jpeg 300w, https:\/\/cegss.org.gt\/wp-content\/uploads\/2026\/04\/2-1024x768.jpeg 1024w, https:\/\/cegss.org.gt\/wp-content\/uploads\/2026\/04\/2-768x576.jpeg 768w, https:\/\/cegss.org.gt\/wp-content\/uploads\/2026\/04\/2-1536x1152.jpeg 1536w, https:\/\/cegss.org.gt\/wp-content\/uploads\/2026\/04\/2-2048x1536.jpeg 2048w, https:\/\/cegss.org.gt\/wp-content\/uploads\/2026\/04\/2-16x12.jpeg 16w\" sizes=\"(max-width: 2560px) 100vw, 2560px\" \/><\/p><p><span style=\"font-weight: 400;\">El 22 de mayo de 2024, se celebr\u00f3 en Panajachel, Solol\u00e1, el cierre del M\u00f3dulo III de la Escuela Ciudadana por el Derecho a la Salud. La sesi\u00f3n se convirti\u00f3 en un espacio clave en donde los participantes expresaron sus preguntas e inquietudes sobre los contenidos del\u00a0 m\u00f3dulo, lo que facilit\u00f3 la resoluci\u00f3n de dudas y garantiz\u00f3 una comprensi\u00f3n de los temas tratados.<\/span><\/p><p><img decoding=\"async\" class=\"aligncenter wp-image-3038 size-full\" src=\"https:\/\/cegss.org.gt\/wp-content\/uploads\/2026\/04\/3.jpeg\" alt=\"\" width=\"2048\" height=\"1365\" srcset=\"https:\/\/cegss.org.gt\/wp-content\/uploads\/2026\/04\/3.jpeg 2048w, https:\/\/cegss.org.gt\/wp-content\/uploads\/2026\/04\/3-300x200.jpeg 300w, https:\/\/cegss.org.gt\/wp-content\/uploads\/2026\/04\/3-1024x683.jpeg 1024w, https:\/\/cegss.org.gt\/wp-content\/uploads\/2026\/04\/3-768x512.jpeg 768w, https:\/\/cegss.org.gt\/wp-content\/uploads\/2026\/04\/3-1536x1024.jpeg 1536w, https:\/\/cegss.org.gt\/wp-content\/uploads\/2026\/04\/3-18x12.jpeg 18w\" sizes=\"(max-width: 2048px) 100vw, 2048px\" \/><\/p><p><span style=\"font-weight: 400;\">La actividad no solo permiti\u00f3 la aclaraci\u00f3n de dudas, sino que tambi\u00e9n foment\u00f3 la retroalimentaci\u00f3n constructiva y el fortalecimiento de la comunidad participante. Este encuentro result\u00f3 ser un valioso espacio para la discusi\u00f3n y la mejora continua del programa.<\/span><\/p><p><img decoding=\"async\" class=\"aligncenter wp-image-3042 size-full\" src=\"https:\/\/cegss.org.gt\/wp-content\/uploads\/2026\/04\/11.jpeg\" alt=\"\" width=\"1200\" height=\"1600\" srcset=\"https:\/\/cegss.org.gt\/wp-content\/uploads\/2026\/04\/11.jpeg 1200w, https:\/\/cegss.org.gt\/wp-content\/uploads\/2026\/04\/11-225x300.jpeg 225w, https:\/\/cegss.org.gt\/wp-content\/uploads\/2026\/04\/11-768x1024.jpeg 768w, https:\/\/cegss.org.gt\/wp-content\/uploads\/2026\/04\/11-1152x1536.jpeg 1152w, https:\/\/cegss.org.gt\/wp-content\/uploads\/2026\/04\/11-9x12.jpeg 9w\" sizes=\"(max-width: 1200px) 100vw, 1200px\" \/><\/p><p><span style=\"font-weight: 400;\">En la jornada participaron miembros del equipo del CEGSS, la Red de Defensores y Defensoras Comunitarios por el Derecho a la Salud -REDC-SALUD-, as\u00ed como los participantes de la Escuela Ciudadana por el Derecho a la Salud, quienes contribuyeron activamente en toda la jornada.<\/span><\/p>\t\t\t\t\t\t\t\t<\/div>\n\t\t\t\t<div class=\"elementor-element elementor-element-fb37e92 elementor-widget__width-inherit elementor-arrows-position-inside elementor-widget elementor-widget-image-carousel\" data-id=\"fb37e92\" data-element_type=\"widget\" data-e-type=\"widget\" data-settings=\"{&quot;slides_to_show&quot;:&quot;1&quot;,&quot;navigation&quot;:&quot;arrows&quot;,&quot;autoplay&quot;:&quot;yes&quot;,&quot;pause_on_hover&quot;:&quot;yes&quot;,&quot;pause_on_interaction&quot;:&quot;yes&quot;,&quot;autoplay_speed&quot;:5000,&quot;infinite&quot;:&quot;yes&quot;,&quot;effect&quot;:&quot;slide&quot;,&quot;speed&quot;:500}\" data-widget_type=\"image-carousel.default\">\n\t\t\t\t\t\t\t<div class=\"elementor-image-carousel-wrapper swiper\" role=\"region\" aria-roledescription=\"carousel\" aria-label=\"Image Carousel\" dir=\"ltr\">\n\t\t\t<div class=\"elementor-image-carousel swiper-wrapper swiper-image-stretch\" aria-live=\"off\">\n\t\t\t\t\t\t\t\t<div class=\"swiper-slide\" role=\"group\" aria-roledescription=\"slide\" aria-label=\"1 of 4\" data-no-translation-aria-label=\"\"><figure class=\"swiper-slide-inner\"><img decoding=\"async\" class=\"swiper-slide-image\" src=\"https:\/\/cegss.org.gt\/wp-content\/uploads\/2026\/04\/6-scaled.jpeg\" alt=\"6\" \/><\/figure><\/div><div class=\"swiper-slide\" role=\"group\" aria-roledescription=\"slide\" aria-label=\"2 of 4\" data-no-translation-aria-label=\"\"><figure class=\"swiper-slide-inner\"><img decoding=\"async\" class=\"swiper-slide-image\" src=\"https:\/\/cegss.org.gt\/wp-content\/uploads\/2026\/04\/7-scaled.jpeg\" alt=\"7\" \/><\/figure><\/div><div class=\"swiper-slide\" role=\"group\" aria-roledescription=\"slide\" aria-label=\"3 of 4\" data-no-translation-aria-label=\"\"><figure class=\"swiper-slide-inner\"><img decoding=\"async\" class=\"swiper-slide-image\" src=\"https:\/\/cegss.org.gt\/wp-content\/uploads\/2026\/04\/2-scaled.jpeg\" alt=\"2\" \/><\/figure><\/div><div class=\"swiper-slide\" role=\"group\" aria-roledescription=\"slide\" aria-label=\"4 of 4\" data-no-translation-aria-label=\"\"><figure class=\"swiper-slide-inner\"><img decoding=\"async\" class=\"swiper-slide-image\" src=\"https:\/\/cegss.org.gt\/wp-content\/uploads\/2026\/04\/3.jpeg\" alt=\"3\" \/><\/figure><\/div>\t\t\t<\/div>\n\t\t\t\t\t\t\t\t\t\t\t\t<div class=\"elementor-swiper-button elementor-swiper-button-prev\" role=\"button\" tabindex=\"0\">\n\t\t\t\t\t\t<svg aria-hidden=\"true\" class=\"e-font-icon-svg e-eicon-chevron-left\" viewbox=\"0 0 1000 1000\" xmlns=\"http:\/\/www.w3.org\/2000\/svg\"><path d=\"M646 125C629 125 613 133 604 142L308 442C296 454 292 471 292 487 292 504 296 521 308 533L604 854C617 867 629 875 646 875 663 875 679 871 692 858 704 846 713 829 713 812 713 796 708 779 692 767L438 487 692 225C700 217 708 204 708 187 708 171 704 154 692 142 675 129 663 125 646 125Z\"><\/path><\/svg>\t\t\t\t\t<\/div>\n\t\t\t\t\t<div class=\"elementor-swiper-button elementor-swiper-button-next\" role=\"button\" tabindex=\"0\">\n\t\t\t\t\t\t<svg aria-hidden=\"true\" class=\"e-font-icon-svg e-eicon-chevron-right\" viewbox=\"0 0 1000 1000\" xmlns=\"http:\/\/www.w3.org\/2000\/svg\"><path d=\"M696 533C708 521 713 504 713 487 713 471 708 454 696 446L400 146C388 133 375 125 354 125 338 125 325 129 313 142 300 154 292 171 292 187 292 204 296 221 308 233L563 492 304 771C292 783 288 800 288 817 288 833 296 850 308 863 321 871 338 875 354 875 371 875 388 867 400 854L696 533Z\"><\/path><\/svg>\t\t\t\t\t<\/div>\n\t\t\t\t\n\t\t\t\t\t\t\t\t\t<\/div>\n\t\t\t\t\t\t<\/div>\n\t\t\t\t\t<\/div>\n\t\t\t\t<\/div>\n\t\t\t\t<\/div>","protected":false},"excerpt":{"rendered":"<p>El 22 de mayo de 2024, se celebr\u00f3 en Panajachel, Solol\u00e1, el cierre del M\u00f3dulo III de la Escuela Ciudadana por el Derecho a la Salud. La sesi\u00f3n se convirti\u00f3 en un espacio clave en donde los participantes expresaron sus preguntas e inquietudes sobre los contenidos del\u00a0 m\u00f3dulo, lo que facilit\u00f3 la resoluci\u00f3n de dudas y garantiz\u00f3 una comprensi\u00f3n de los temas tratados. La actividad no solo permiti\u00f3 la aclaraci\u00f3n de dudas, sino que tambi\u00e9n foment\u00f3 la retroalimentaci\u00f3n constructiva y el fortalecimiento de la comunidad participante. Este encuentro result\u00f3 ser un valioso espacio para la discusi\u00f3n y la mejora continua del programa. En la jornada participaron miembros del equipo del CEGSS, la Red de Defensores y Defensoras Comunitarios por el Derecho a la Salud -REDC-SALUD-, as\u00ed como los participantes de la Escuela Ciudadana por el Derecho a la Salud, quienes contribuyeron activamente en toda la jornada.<\/p>","protected":false},"author":1,"featured_media":3037,"comment_status":"closed","ping_status":"closed","sticky":false,"template":"","format":"standard","meta":{"footnotes":""},"categories":[20],"tags":[],"class_list":["post-3034","post","type-post","status-publish","format-standard","has-post-thumbnail","hentry","category-actualidad-cegss"],"acf":[],"_links":{"self":[{"href":"https:\/\/cegss.org.gt\/en\/wp-json\/wp\/v2\/posts\/3034","targetHints":{"allow":["GET"]}}],"collection":[{"href":"https:\/\/cegss.org.gt\/en\/wp-json\/wp\/v2\/posts"}],"about":[{"href":"https:\/\/cegss.org.gt\/en\/wp-json\/wp\/v2\/types\/post"}],"author":[{"embeddable":true,"href":"https:\/\/cegss.org.gt\/en\/wp-json\/wp\/v2\/users\/1"}],"replies":[{"embeddable":true,"href":"https:\/\/cegss.org.gt\/en\/wp-json\/wp\/v2\/comments?post=3034"}],"version-history":[{"count":16,"href":"https:\/\/cegss.org.gt\/en\/wp-json\/wp\/v2\/posts\/3034\/revisions"}],"predecessor-version":[{"id":4708,"href":"https:\/\/cegss.org.gt\/en\/wp-json\/wp\/v2\/posts\/3034\/revisions\/4708"}],"wp:featuredmedia":[{"embeddable":true,"href":"https:\/\/cegss.org.gt\/en\/wp-json\/wp\/v2\/media\/3037"}],"wp:attachment":[{"href":"https:\/\/cegss.org.gt\/en\/wp-json\/wp\/v2\/media?parent=3034"}],"wp:term":[{"taxonomy":"category","embeddable":true,"href":"https:\/\/cegss.org.gt\/en\/wp-json\/wp\/v2\/categories?post=3034"},{"taxonomy":"post_tag","embeddable":true,"href":"https:\/\/cegss.org.gt\/en\/wp-json\/wp\/v2\/tags?post=3034"}],"curies":[{"name":"wp","href":"https:\/\/api.w.org\/{rel}","templated":true}]}}